{"id":1172,"date":"2025-01-17T14:11:00","date_gmt":"2025-01-17T17:11:00","guid":{"rendered":"https:\/\/remove.com.ar\/?post_type=prensa_links&#038;p=1172"},"modified":"2025-11-25T14:39:05","modified_gmt":"2025-11-25T17:39:05","slug":"sin-anestesia-ni-torno","status":"publish","type":"prensa_links","link":"https:\/\/remove.com.ar\/en\/links\/sin-anestesia-ni-torno\/","title":{"rendered":"Without anesthesia or a lathe"},"content":{"rendered":"<p>What is the cavity-removing gel created by a dentist from Santa Fe like? The treatment can replace the traditional one that uses a turbine. It was developed by a professional from Carcara\u00f1\u00e1. The rise of minimally invasive dentistry<\/p>","protected":false},"featured_media":1199,"template":"","meta":{"_acf_changed":true,"site-sidebar-layout":"default","site-content-layout":"","ast-site-content-layout":"default","site-content-style":"default","site-sidebar-style":"default","ast-global-header-display":"","ast-banner-title-visibility":"","ast-main-header-display":"","ast-hfb-above-header-display":"","ast-hfb-below-header-display":"","ast-hfb-mobile-header-display":"","site-post-title":"","ast-breadcrumbs-content":"","ast-featured-img":"","footer-sml-layout":"","theme-transparent-header-meta":"","adv-header-id-meta":"","stick-header-meta":"","header-above-stick-meta":"","header-main-stick-meta":"","header-below-stick-meta":"","astra-migrate-meta-layouts":"set","ast-page-background-enabled":"default","ast-page-background-meta":{"desktop":{"background-color":"var(--ast-global-color-4)","background-image":"","background-repeat":"repeat","background-position":"center center","background-size":"auto","background-attachment":"scroll","background-type":"","background-media":"","overlay-type":"","overlay-color":"","overlay-opacity":"","overlay-gradient":""},"tablet":{"background-color":"","background-image":"","background-repeat":"repeat","background-position":"center center","background-size":"auto","background-attachment":"scroll","background-type":"","background-media":"","overlay-type":"","overlay-color":"","overlay-opacity":"","overlay-gradient":""},"mobile":{"background-color":"","background-image":"","background-repeat":"repeat","background-position":"center center","background-size":"auto","background-attachment":"scroll","background-type":"","background-media":"","overlay-type":"","overlay-color":"","overlay-opacity":"","overlay-gradient":""}},"ast-content-background-meta":{"desktop":{"background-color":"var(--ast-global-color-5)","background-image":"","background-repeat":"repeat","background-position":"center center","background-size":"auto","background-attachment":"scroll","background-type":"","background-media":"","overlay-type":"","overlay-color":"","overlay-opacity":"","overlay-gradient":""},"tablet":{"background-color":"var(--ast-global-color-5)","background-image":"","background-repeat":"repeat","background-position":"center center","background-size":"auto","background-attachment":"scroll","background-type":"","background-media":"","overlay-type":"","overlay-color":"","overlay-opacity":"","overlay-gradient":""},"mobile":{"background-color":"var(--ast-global-color-5)","background-image":"","background-repeat":"repeat","background-position":"center center","background-size":"auto","background-attachment":"scroll","background-type":"","background-media":"","overlay-type":"","overlay-color":"","overlay-opacity":"","overlay-gradient":""}}},"categories":[1],"class_list":["post-1172","prensa_links","type-prensa_links","status-publish","has-post-thumbnail","hentry","category-prensa"],"acf":[],"yoast_head":"<!-- This site is optimized with the Yoast SEO plugin v26.4 - https:\/\/yoast.com\/wordpress\/plugins\/seo\/ -->\n<title>Sin anestesia ni torno - Remove<\/title>\n<meta name=\"robots\" content=\"index, follow, max-snippet:-1, max-image-preview:large, max-video-preview:-1\" \/>\n<link rel=\"canonical\" href=\"https:\/\/remove.com.ar\/en\/links\/sin-anestesia-ni-torno\/\" \/>\n<meta property=\"og:locale\" content=\"en_US\" \/>\n<meta property=\"og:type\" content=\"article\" \/>\n<meta property=\"og:title\" content=\"Sin anestesia ni torno - Remove\" \/>\n<meta property=\"og:description\" content=\"\u00bfC\u00f3mo es el gel que remueve caries creado por un odont\u00f3logo santafesino? El tratamiento puede reemplazar al tradicional que usa turbina. Fue desarrollado por un profesional de Carcara\u00f1\u00e1. El auge de lo miniinvasivo en odontolog\u00eda\" \/>\n<meta property=\"og:url\" content=\"https:\/\/remove.com.ar\/en\/links\/sin-anestesia-ni-torno\/\" \/>\n<meta property=\"og:site_name\" content=\"Remove\" \/>\n<meta property=\"article:modified_time\" content=\"2025-11-25T17:39:05+00:00\" \/>\n<meta property=\"og:image\" content=\"https:\/\/remove.com.ar\/wp-content\/uploads\/2025\/11\/remove-articulo_la_capital.jpg\" \/>\n\t<meta property=\"og:image:width\" content=\"642\" \/>\n\t<meta property=\"og:image:height\" content=\"428\" \/>\n\t<meta property=\"og:image:type\" content=\"image\/jpeg\" \/>\n<meta name=\"twitter:card\" content=\"summary_large_image\" \/>\n<meta name=\"twitter:label1\" content=\"Est. reading time\" \/>\n\t<meta name=\"twitter:data1\" content=\"1 minute\" \/>\n<script type=\"application\/ld+json\" class=\"yoast-schema-graph\">{\"@context\":\"https:\/\/schema.org\",\"@graph\":[{\"@type\":\"WebPage\",\"@id\":\"https:\/\/remove.com.ar\/links\/sin-anestesia-ni-torno\/\",\"url\":\"https:\/\/remove.com.ar\/links\/sin-anestesia-ni-torno\/\",\"name\":\"Sin anestesia ni torno - Remove\",\"isPartOf\":{\"@id\":\"https:\/\/remove.com.ar\/#website\"},\"primaryImageOfPage\":{\"@id\":\"https:\/\/remove.com.ar\/links\/sin-anestesia-ni-torno\/#primaryimage\"},\"image\":{\"@id\":\"https:\/\/remove.com.ar\/links\/sin-anestesia-ni-torno\/#primaryimage\"},\"thumbnailUrl\":\"https:\/\/remove.com.ar\/wp-content\/uploads\/2025\/11\/remove-articulo_la_capital.jpg\",\"datePublished\":\"2025-01-17T17:11:00+00:00\",\"dateModified\":\"2025-11-25T17:39:05+00:00\",\"breadcrumb\":{\"@id\":\"https:\/\/remove.com.ar\/links\/sin-anestesia-ni-torno\/#breadcrumb\"},\"inLanguage\":\"en-US\",\"potentialAction\":[{\"@type\":\"ReadAction\",\"target\":[\"https:\/\/remove.com.ar\/links\/sin-anestesia-ni-torno\/\"]}]},{\"@type\":\"ImageObject\",\"inLanguage\":\"en-US\",\"@id\":\"https:\/\/remove.com.ar\/links\/sin-anestesia-ni-torno\/#primaryimage\",\"url\":\"https:\/\/remove.com.ar\/wp-content\/uploads\/2025\/11\/remove-articulo_la_capital.jpg\",\"contentUrl\":\"https:\/\/remove.com.ar\/wp-content\/uploads\/2025\/11\/remove-articulo_la_capital.jpg\",\"width\":642,\"height\":428},{\"@type\":\"BreadcrumbList\",\"@id\":\"https:\/\/remove.com.ar\/links\/sin-anestesia-ni-torno\/#breadcrumb\",\"itemListElement\":[{\"@type\":\"ListItem\",\"position\":1,\"name\":\"Portada\",\"item\":\"https:\/\/remove.com.ar\/\"},{\"@type\":\"ListItem\",\"position\":2,\"name\":\"Links Prensa\",\"item\":\"https:\/\/remove.com.ar\/links\/\"},{\"@type\":\"ListItem\",\"position\":3,\"name\":\"Sin anestesia ni torno\"}]},{\"@type\":\"WebSite\",\"@id\":\"https:\/\/remove.com.ar\/#website\",\"url\":\"https:\/\/remove.com.ar\/\",\"name\":\"Remove\",\"description\":\"M\u00ednima Invasi\u00f3n\",\"publisher\":{\"@id\":\"https:\/\/remove.com.ar\/#organization\"},\"potentialAction\":[{\"@type\":\"SearchAction\",\"target\":{\"@type\":\"EntryPoint\",\"urlTemplate\":\"https:\/\/remove.com.ar\/?s={search_term_string}\"},\"query-input\":{\"@type\":\"PropertyValueSpecification\",\"valueRequired\":true,\"valueName\":\"search_term_string\"}}],\"inLanguage\":\"en-US\"},{\"@type\":\"Organization\",\"@id\":\"https:\/\/remove.com.ar\/#organization\",\"name\":\"Remove\",\"url\":\"https:\/\/remove.com.ar\/\",\"logo\":{\"@type\":\"ImageObject\",\"inLanguage\":\"en-US\",\"@id\":\"https:\/\/remove.com.ar\/#\/schema\/logo\/image\/\",\"url\":\"https:\/\/remove.com.ar\/wp-content\/uploads\/2021\/09\/weremove-brand-logo-neg.png\",\"contentUrl\":\"https:\/\/remove.com.ar\/wp-content\/uploads\/2021\/09\/weremove-brand-logo-neg.png\",\"width\":295,\"height\":50,\"caption\":\"Remove\"},\"image\":{\"@id\":\"https:\/\/remove.com.ar\/#\/schema\/logo\/image\/\"}}]}<\/script>\n<!-- \/ Yoast SEO plugin. -->","yoast_head_json":{"title":"Sin anestesia ni torno - Remove","robots":{"index":"index","follow":"follow","max-snippet":"max-snippet:-1","max-image-preview":"max-image-preview:large","max-video-preview":"max-video-preview:-1"},"canonical":"https:\/\/remove.com.ar\/en\/links\/sin-anestesia-ni-torno\/","og_locale":"en_US","og_type":"article","og_title":"Sin anestesia ni torno - Remove","og_description":"\u00bfC\u00f3mo es el gel que remueve caries creado por un odont\u00f3logo santafesino? El tratamiento puede reemplazar al tradicional que usa turbina. Fue desarrollado por un profesional de Carcara\u00f1\u00e1. El auge de lo miniinvasivo en odontolog\u00eda","og_url":"https:\/\/remove.com.ar\/en\/links\/sin-anestesia-ni-torno\/","og_site_name":"Remove","article_modified_time":"2025-11-25T17:39:05+00:00","og_image":[{"width":642,"height":428,"url":"https:\/\/remove.com.ar\/wp-content\/uploads\/2025\/11\/remove-articulo_la_capital.jpg","type":"image\/jpeg"}],"twitter_card":"summary_large_image","twitter_misc":{"Est. reading time":"1 minute"},"schema":{"@context":"https:\/\/schema.org","@graph":[{"@type":"WebPage","@id":"https:\/\/remove.com.ar\/links\/sin-anestesia-ni-torno\/","url":"https:\/\/remove.com.ar\/links\/sin-anestesia-ni-torno\/","name":"Sin anestesia ni torno - Remove","isPartOf":{"@id":"https:\/\/remove.com.ar\/#website"},"primaryImageOfPage":{"@id":"https:\/\/remove.com.ar\/links\/sin-anestesia-ni-torno\/#primaryimage"},"image":{"@id":"https:\/\/remove.com.ar\/links\/sin-anestesia-ni-torno\/#primaryimage"},"thumbnailUrl":"https:\/\/remove.com.ar\/wp-content\/uploads\/2025\/11\/remove-articulo_la_capital.jpg","datePublished":"2025-01-17T17:11:00+00:00","dateModified":"2025-11-25T17:39:05+00:00","breadcrumb":{"@id":"https:\/\/remove.com.ar\/links\/sin-anestesia-ni-torno\/#breadcrumb"},"inLanguage":"en-US","potentialAction":[{"@type":"ReadAction","target":["https:\/\/remove.com.ar\/links\/sin-anestesia-ni-torno\/"]}]},{"@type":"ImageObject","inLanguage":"en-US","@id":"https:\/\/remove.com.ar\/links\/sin-anestesia-ni-torno\/#primaryimage","url":"https:\/\/remove.com.ar\/wp-content\/uploads\/2025\/11\/remove-articulo_la_capital.jpg","contentUrl":"https:\/\/remove.com.ar\/wp-content\/uploads\/2025\/11\/remove-articulo_la_capital.jpg","width":642,"height":428},{"@type":"BreadcrumbList","@id":"https:\/\/remove.com.ar\/links\/sin-anestesia-ni-torno\/#breadcrumb","itemListElement":[{"@type":"ListItem","position":1,"name":"Portada","item":"https:\/\/remove.com.ar\/"},{"@type":"ListItem","position":2,"name":"Links Prensa","item":"https:\/\/remove.com.ar\/links\/"},{"@type":"ListItem","position":3,"name":"Sin anestesia ni torno"}]},{"@type":"WebSite","@id":"https:\/\/remove.com.ar\/#website","url":"https:\/\/remove.com.ar\/","name":"Remove","description":"M\u00ednima Invasi\u00f3n","publisher":{"@id":"https:\/\/remove.com.ar\/#organization"},"potentialAction":[{"@type":"SearchAction","target":{"@type":"EntryPoint","urlTemplate":"https:\/\/remove.com.ar\/?s={search_term_string}"},"query-input":{"@type":"PropertyValueSpecification","valueRequired":true,"valueName":"search_term_string"}}],"inLanguage":"en-US"},{"@type":"Organization","@id":"https:\/\/remove.com.ar\/#organization","name":"Remove","url":"https:\/\/remove.com.ar\/","logo":{"@type":"ImageObject","inLanguage":"en-US","@id":"https:\/\/remove.com.ar\/#\/schema\/logo\/image\/","url":"https:\/\/remove.com.ar\/wp-content\/uploads\/2021\/09\/weremove-brand-logo-neg.png","contentUrl":"https:\/\/remove.com.ar\/wp-content\/uploads\/2021\/09\/weremove-brand-logo-neg.png","width":295,"height":50,"caption":"Remove"},"image":{"@id":"https:\/\/remove.com.ar\/#\/schema\/logo\/image\/"}}]}},"_links":{"self":[{"href":"https:\/\/remove.com.ar\/en\/wp-json\/wp\/v2\/prensa_links\/1172","targetHints":{"allow":["GET"]}}],"collection":[{"href":"https:\/\/remove.com.ar\/en\/wp-json\/wp\/v2\/prensa_links"}],"about":[{"href":"https:\/\/remove.com.ar\/en\/wp-json\/wp\/v2\/types\/prensa_links"}],"wp:featuredmedia":[{"embeddable":true,"href":"https:\/\/remove.com.ar\/en\/wp-json\/wp\/v2\/media\/1199"}],"wp:attachment":[{"href":"https:\/\/remove.com.ar\/en\/wp-json\/wp\/v2\/media?parent=1172"}],"wp:term":[{"taxonomy":"category","embeddable":true,"href":"https:\/\/remove.com.ar\/en\/wp-json\/wp\/v2\/categories?post=1172"}],"curies":[{"name":"wp","href":"https:\/\/api.w.org\/{rel}","templated":true}]}}